{"id":1299,"date":"2024-10-16T14:51:06","date_gmt":"2024-10-16T12:51:06","guid":{"rendered":"https:\/\/openparatennisduloiret.fr\/?p=1299"},"modified":"2024-10-16T14:51:07","modified_gmt":"2024-10-16T12:51:07","slug":"presentation-nicolas-charrier","status":"publish","type":"post","link":"https:\/\/openparatennisduloiret.fr\/index.php\/2024\/10\/16\/presentation-nicolas-charrier\/","title":{"rendered":"Pr\u00e9sentation : Nicolas CHARRIER"},"content":{"rendered":"\n<p><strong>Open Paratennis du Loiret \u2013 5 au 9 novembre 24 \u2013 Pr\u00e9sentation des joueurs<\/strong><\/p>\n\n\n\n<p>Nicolas CHARRIER, France, 26<sup>\u00e8me<\/sup> au classement mondial ITF<\/p>\n\n\n\n<p>Ses derni\u00e8res performances&nbsp;:<\/p>\n\n\n\n<p>quart de finaliste au Sardinia Open en septembre 2024 (ITF1)<\/p>\n\n\n\n<p>vainqueur au Sion Open 2024 en septembre (ITF3)<\/p>\n\n\n\n<p>cr\u00e9dit photo Gr\u00e9gory Picout<\/p>\n\n\n\n<figure class=\"wp-block-image size-large\"><img loading=\"lazy\" decoding=\"async\" width=\"1024\" height=\"1024\" src=\"https:\/\/openparatennisduloiret.fr\/wp-content\/uploads\/2024\/10\/CHARRIER-1024x1024.png\" alt=\"\" class=\"wp-image-1294\" srcset=\"https:\/\/openparatennisduloiret.fr\/wp-content\/uploads\/2024\/10\/CHARRIER-1024x1024.png 1024w, https:\/\/openparatennisduloiret.fr\/wp-content\/uploads\/2024\/10\/CHARRIER-300x300.png 300w, https:\/\/openparatennisduloiret.fr\/wp-content\/uploads\/2024\/10\/CHARRIER-150x150.png 150w, https:\/\/openparatennisduloiret.fr\/wp-content\/uploads\/2024\/10\/CHARRIER-768x768.png 768w, https:\/\/openparatennisduloiret.fr\/wp-content\/uploads\/2024\/10\/CHARRIER.png 1080w\" sizes=\"auto, (max-width: 1024px) 100vw, 1024px\" \/><\/figure>\n","protected":false},"excerpt":{"rendered":"<p>Open Paratennis du Loiret \u2013 5 au 9 novembre 24 \u2013 Pr\u00e9sentation des joueurs Nicolas CHARRIER, France, 26\u00e8me au classement mondial ITF Ses derni\u00e8res performances&nbsp;: quart de finaliste au Sardinia Open en septembre 2024 (ITF1) vainqueur au Sion Open 2024 en septembre (ITF3) cr\u00e9dit photo Gr\u00e9gory Picout<\/p>\n","protected":false},"author":1,"featured_media":1294,"comment_status":"open","ping_status":"open","sticky":false,"template":"","format":"standard","meta":{"_monsterinsights_skip_tracking":false,"_monsterinsights_sitenote_active":false,"_monsterinsights_sitenote_note":"","_monsterinsights_sitenote_category":0,"_uf_show_specific_survey":0,"_uf_disable_surveys":false,"footnotes":""},"categories":[26],"tags":[],"class_list":["post-1299","post","type-post","status-publish","format-standard","has-post-thumbnail","hentry","category-joueurs"],"_links":{"self":[{"href":"https:\/\/openparatennisduloiret.fr\/index.php\/wp-json\/wp\/v2\/posts\/1299","targetHints":{"allow":["GET"]}}],"collection":[{"href":"https:\/\/openparatennisduloiret.fr\/index.php\/wp-json\/wp\/v2\/posts"}],"about":[{"href":"https:\/\/openparatennisduloiret.fr\/index.php\/wp-json\/wp\/v2\/types\/post"}],"author":[{"embeddable":true,"href":"https:\/\/openparatennisduloiret.fr\/index.php\/wp-json\/wp\/v2\/users\/1"}],"replies":[{"embeddable":true,"href":"https:\/\/openparatennisduloiret.fr\/index.php\/wp-json\/wp\/v2\/comments?post=1299"}],"version-history":[{"count":1,"href":"https:\/\/openparatennisduloiret.fr\/index.php\/wp-json\/wp\/v2\/posts\/1299\/revisions"}],"predecessor-version":[{"id":1300,"href":"https:\/\/openparatennisduloiret.fr\/index.php\/wp-json\/wp\/v2\/posts\/1299\/revisions\/1300"}],"wp:featuredmedia":[{"embeddable":true,"href":"https:\/\/openparatennisduloiret.fr\/index.php\/wp-json\/wp\/v2\/media\/1294"}],"wp:attachment":[{"href":"https:\/\/openparatennisduloiret.fr\/index.php\/wp-json\/wp\/v2\/media?parent=1299"}],"wp:term":[{"taxonomy":"category","embeddable":true,"href":"https:\/\/openparatennisduloiret.fr\/index.php\/wp-json\/wp\/v2\/categories?post=1299"},{"taxonomy":"post_tag","embeddable":true,"href":"https:\/\/openparatennisduloiret.fr\/index.php\/wp-json\/wp\/v2\/tags?post=1299"}],"curies":[{"name":"wp","href":"https:\/\/api.w.org\/{rel}","templated":true}]}}