{"id":1492,"date":"2024-10-29T11:38:37","date_gmt":"2024-10-29T10:38:37","guid":{"rendered":"https:\/\/openparatennisduloiret.fr\/?p=1492"},"modified":"2024-10-29T11:38:38","modified_gmt":"2024-10-29T10:38:38","slug":"presentation-angelica-bernal","status":"publish","type":"post","link":"https:\/\/openparatennisduloiret.fr\/index.php\/2024\/10\/29\/presentation-angelica-bernal\/","title":{"rendered":"Pr\u00e9sentation : Angelica BERNAL"},"content":{"rendered":"\n<p><strong>Open Paratennis du Loiret \u2013 5 au 9 novembre 24 \u2013 Pr\u00e9sentation des joueuses<\/strong><\/p>\n\n\n\n<p><strong>TOP 10 mondial<\/strong><\/p>\n\n\n\n<p>Angelica BERNAL, Colombie, 7<sup>\u00e8me<\/sup> au classement mondial ITF<\/p>\n\n\n\n<p>T\u00eate de s\u00e9rie n\u00b0 3 de ce tournoi<\/p>\n\n\n\n<p>Ses derni\u00e8res performances&nbsp;:<\/p>\n\n\n\n<p>demi-finaliste au Sardinia Open en septembre 2024 (ITF1)<\/p>\n\n\n\n<p>gagnante au Swiss Open en juillet 2024 (ITF1)<\/p>\n\n\n\n<p>Jeux paralympiques de Paris 2024, quart de finaliste en simple et quart de finaliste en double<\/p>\n\n\n\n<p>A particip\u00e9 aux JO de Tokyo en 2021 (1<sup>er<\/sup> tour) et aux jeux de Rio en 2016 (1<sup>er<\/sup> tour)<\/p>\n\n\n\n<p>cr\u00e9dit photo Gr\u00e9gory Picout<\/p>\n\n\n\n<figure class=\"wp-block-image size-large\"><img loading=\"lazy\" decoding=\"async\" width=\"1024\" height=\"1024\" src=\"https:\/\/openparatennisduloiret.fr\/wp-content\/uploads\/2024\/10\/BERNAL-1024x1024.png\" alt=\"\" class=\"wp-image-1491\" srcset=\"https:\/\/openparatennisduloiret.fr\/wp-content\/uploads\/2024\/10\/BERNAL-1024x1024.png 1024w, https:\/\/openparatennisduloiret.fr\/wp-content\/uploads\/2024\/10\/BERNAL-300x300.png 300w, https:\/\/openparatennisduloiret.fr\/wp-content\/uploads\/2024\/10\/BERNAL-150x150.png 150w, https:\/\/openparatennisduloiret.fr\/wp-content\/uploads\/2024\/10\/BERNAL-768x768.png 768w, https:\/\/openparatennisduloiret.fr\/wp-content\/uploads\/2024\/10\/BERNAL.png 1080w\" sizes=\"auto, (max-width: 1024px) 100vw, 1024px\" \/><\/figure>\n","protected":false},"excerpt":{"rendered":"<p>Open Paratennis du Loiret \u2013 5 au 9 novembre 24 \u2013 Pr\u00e9sentation des joueuses TOP 10 mondial Angelica BERNAL, Colombie, 7\u00e8me au classement mondial ITF T\u00eate de s\u00e9rie n\u00b0 3 de ce tournoi Ses derni\u00e8res performances&nbsp;: demi-finaliste au Sardinia Open en septembre 2024 (ITF1) gagnante au Swiss Open en juillet 2024 (ITF1) Jeux paralympiques de&hellip; <br \/> <a class=\"read-more\" href=\"https:\/\/openparatennisduloiret.fr\/index.php\/2024\/10\/29\/presentation-angelica-bernal\/\">Lire la suite<\/a><\/p>\n","protected":false},"author":1,"featured_media":1491,"comment_status":"open","ping_status":"open","sticky":false,"template":"","format":"standard","meta":{"_monsterinsights_skip_tracking":false,"_monsterinsights_sitenote_active":false,"_monsterinsights_sitenote_note":"","_monsterinsights_sitenote_category":0,"_uf_show_specific_survey":0,"_uf_disable_surveys":false,"footnotes":""},"categories":[26],"tags":[],"class_list":["post-1492","post","type-post","status-publish","format-standard","has-post-thumbnail","hentry","category-joueurs"],"_links":{"self":[{"href":"https:\/\/openparatennisduloiret.fr\/index.php\/wp-json\/wp\/v2\/posts\/1492","targetHints":{"allow":["GET"]}}],"collection":[{"href":"https:\/\/openparatennisduloiret.fr\/index.php\/wp-json\/wp\/v2\/posts"}],"about":[{"href":"https:\/\/openparatennisduloiret.fr\/index.php\/wp-json\/wp\/v2\/types\/post"}],"author":[{"embeddable":true,"href":"https:\/\/openparatennisduloiret.fr\/index.php\/wp-json\/wp\/v2\/users\/1"}],"replies":[{"embeddable":true,"href":"https:\/\/openparatennisduloiret.fr\/index.php\/wp-json\/wp\/v2\/comments?post=1492"}],"version-history":[{"count":1,"href":"https:\/\/openparatennisduloiret.fr\/index.php\/wp-json\/wp\/v2\/posts\/1492\/revisions"}],"predecessor-version":[{"id":1493,"href":"https:\/\/openparatennisduloiret.fr\/index.php\/wp-json\/wp\/v2\/posts\/1492\/revisions\/1493"}],"wp:featuredmedia":[{"embeddable":true,"href":"https:\/\/openparatennisduloiret.fr\/index.php\/wp-json\/wp\/v2\/media\/1491"}],"wp:attachment":[{"href":"https:\/\/openparatennisduloiret.fr\/index.php\/wp-json\/wp\/v2\/media?parent=1492"}],"wp:term":[{"taxonomy":"category","embeddable":true,"href":"https:\/\/openparatennisduloiret.fr\/index.php\/wp-json\/wp\/v2\/categories?post=1492"},{"taxonomy":"post_tag","embeddable":true,"href":"https:\/\/openparatennisduloiret.fr\/index.php\/wp-json\/wp\/v2\/tags?post=1492"}],"curies":[{"name":"wp","href":"https:\/\/api.w.org\/{rel}","templated":true}]}}