{"id":2438,"date":"2025-05-05T09:03:25","date_gmt":"2025-05-05T07:03:25","guid":{"rendered":"https:\/\/openparatennisduloiret.fr\/?p=2438"},"modified":"2025-05-05T09:03:25","modified_gmt":"2025-05-05T07:03:25","slug":"2025-bnp-paribas-world-team-cup-2","status":"publish","type":"post","link":"https:\/\/openparatennisduloiret.fr\/index.php\/en\/2025\/05\/05\/2025-bnp-paribas-world-team-cup-2\/","title":{"rendered":"2025 BNP PARIBAS WORLD TEAM CUP"},"content":{"rendered":"\n<p>The&nbsp;<a rel=\"noreferrer noopener\" href=\"https:\/\/www.itftennis.com\/en\/tournament\/bnp-paribas-world-team-cup\/tur\/2025\/wc-wwtc-tur-02a-2025\/draws-and-results\/\" target=\"_blank\">2025 BNP Paribas World Team Cup<\/a>&nbsp;gets underway on Tuesday 6 May, concluding on 11 May, when world champions will be crowned.<\/p>\n\n\n\n<p>World Team Cup is the wheelchair tennis equivalent of Billie Jean King Cup by Gainbridge and Davis Cup, with players representing their nations with the same pride and passion.<\/p>\n\n\n\n<p>At the World Team Cup, which is this year being staged in Antalya, international teams compete in men\u2019s, women\u2019s, quad and junior divisions. Details of the draw, which will initially see nations compete in a round-robin format, will appear&nbsp;<a rel=\"noreferrer noopener\" href=\"https:\/\/www.itftennis.com\/en\/tournament\/bnp-paribas-world-team-cup\/tur\/2025\/wc-wwtc-tur-02a-2025\/draws-and-results\/\" target=\"_blank\">here<\/a>.<\/p>\n\n\n\n<p>For now, here are nations which will be competing at the 2025 World Team Cup, the seedings of those nations and the players selected to represent their nations.<\/p>\n\n\n\n<p><a href=\"https:\/\/video.itfwheelchairtennis.com\">https:\/\/video.itfwheelchairtennis.com<\/a><\/p>\n\n\n\n<p>Men\u2019s<\/p>\n\n\n\n<p>Japan [1]<br>Tokito Oda, Takuya Miki, Daisuke Arai<\/p>\n\n\n\n<p>Netherlands [2]<br>Maikel Scheffers, Maarten ter Hofte, Robin Groenewoud<\/p>\n\n\n\n<p>France [3]<br>Ga\u00ebtan Menguy, Nicolas Charrier, Fr\u00e9d\u00e9ric Cattaneo, Geoffrey Jasiak<\/p>\n\n\n\n<p>Brazil [4]<br>Daniel Rodrigues, Gustavo Carneiro Silva, Diego Kohlrausch<\/p>\n\n\n\n<p>Great Britain [5]<br>Ben Bartram, Andrew Penney, Dahnon Ward<\/p>\n\n\n\n<p>Chile [6)<br>Alexander Cataldo, Brayan Tapia, Jaime Sepulveda<\/p>\n\n\n\n<p>USA [7]<br>Conner Stroud, Charlie Cooper, Tomas Majetic<\/p>\n\n\n\n<p>Poland [8]<br>Kamil Fabisiak, Jakub Dominik Bukala, Jaroszlaw Zyla<\/p>\n\n\n\n<p>Germany [9]<br>Anthony Dittmar, Christoph Wilke, Steffen Sommerfeld<\/p>\n\n\n\n<p>Spain [10]<br>Enrique Siscar Meseguer, Francesc Tur, Francisco Garcia Vena<\/p>\n\n\n\n<p>Sri Lanka [11]<br>Suresh Dharmasena, Gamini Dissanayake, WPJ Wissejire<\/p>\n\n\n\n<p>Colombia [12]<br>Manuel Sanchez, Diego Pirachican Martinez, Luigy Nieves<\/p>\n\n\n\n<p>Turkiye [13]<br>Emirhan Toper, Turan Akalin, Hakan Gungor, Yunus Emre Arslan<\/p>\n\n\n\n<p>Iraq [14]<br>Hussein Hamid Habal, Nasser Mahdi Salih, MA Yousif Khaleefah Hameedi<\/p>\n\n\n\n<p>Morocco [15]<br>Fouad Boughnim, Nour-Eddine Chahinne<\/p>\n\n\n\n<p>Thailand [16]<br>Suthi Khlongrua, Naluemitr Benkhuntod, Worakit Daengchuen<\/p>\n\n\n\n<p>Women\u2019s<\/p>\n\n\n\n<p>Netherlands [1]<br>Aniek van Koot, Diede de Groot, Lizzy de Greef, Jinte Bos<\/p>\n\n\n\n<p>Japan [2]<br>Yui Kamiji, Saki Takamuro, Manami Tanaka, Yuma Takamuro<\/p>\n\n\n\n<p>France [3]<br>Ks\u00e9nia Chasteau, Pauline D\u00e9roul\u00e8de, Charlotte Fairbank, Zo\u00e9 Maras<\/p>\n\n\n\n<p>Great Britain [4]<br>Lucy Shuker, Cornelia Oosthuizen, Ruby Bishop<\/p>\n\n\n\n<p>Colombia [5]<br>Angelica Bernal, Zuleinny Rodriguez Trujillo<\/p>\n\n\n\n<p>Germany [6]<br>Katharina Kruger, Britta Wend<\/p>\n\n\n\n<p>Brazil [7]<br>Jade Lanai, Meirycoll Duval, Ana Caldeira<\/p>\n\n\n\n<p>Switzerland [8]<br>Nalani Buob, Angela Grosswiler<\/p>\n\n\n\n<p>Morocco [9]<br>Samira Benichi, Ibtissam Battar, Azhour El Houari, Najwa Awane<\/p>\n\n\n\n<p>Turkiye [10]<br>Zeliha Aksak, Ebru Sulak, Cigdem Sayin, Elfida Algit<\/p>\n\n\n\n<p>Tanzania [11]<br>Rehema Selemani, Lucy Shirima, Pendo Zengo<\/p>\n\n\n\n<p>Thailand [12]<br>Wanitha Inthanin, Wadsamon Budpo<\/p>\n\n\n\n<p>Quad<\/p>\n\n\n\n<p>Netherlands [1]<br>Neils Vink, Sam Schroder<\/p>\n\n\n\n<p>Turkiye [2]<br>Ahmet Kaplan, Ugur Altinel, Ali Ataman, Fatih Karatas<\/p>\n\n\n\n<p>Great Britain [3]<br>Andy Lapthorne, Gregory Slade, Gary Cox<\/p>\n\n\n\n<p>Brazil [4]<br>Leandro Pena, Ymanitu Silva, Joao Lucas Takaki<\/p>\n\n\n\n<p>USA [5]<br>David Wagner, Andrew Bogdanov, Eric Court<\/p>\n\n\n\n<p>Australia [6]<br>Benjamin Wenzel, Finn Broadbent<\/p>\n\n\n\n<p>Japan [7]<br>Mitsuteru Moroishi, Kei Usami, Daisuke Ishito<\/p>\n\n\n\n<p>Colombia [8]<br>Daniel Alejandro Campaz Escobar, Albeiro Moreno<\/p>\n\n\n\n<p>Juniors<\/p>\n\n\n\n<p>Belgium [1]<br>Alexander Lantermann, Luna Gryp<\/p>\n\n\n\n<p>Brazil [2]<br>Luiz Calixto, Vitoria Miranda, Marcos Marcal, Pedro Santos<\/p>\n\n\n\n<p>USA [3]<br>Maximus Wong, Sabina Czauz, Lucy Heald<\/p>\n\n\n\n<p>Great Britain [4]<br>Ruben Harris, Matthew Knoesen, Will Barton, Lucas John De Gouveia<\/p>\n\n\n\n<p>Japan [5]<br>Ryota Kawada, Keisuke Kadowaki, Seira Matsuoka<\/p>\n\n\n\n<p>Australia [6]<br>Sonny Rennison, Arlo Shawcross, Harrison Dudley, Gillie Lumby<\/p>\n\n\n\n<p>Germany [7]<br>John Brendahl, Ela Porges, Timo Schmiesing<\/p>\n\n\n\n<p>France [8]<br>Marceau Le Tallec, Cleo Ginterdaele<\/p>\n\n\n\n<figure class=\"wp-block-image size-full\"><img loading=\"lazy\" decoding=\"async\" width=\"768\" height=\"416\" src=\"https:\/\/openparatennisduloiret.fr\/wp-content\/uploads\/2025\/05\/ITF.jpg\" alt=\"\" class=\"wp-image-2433\" srcset=\"https:\/\/openparatennisduloiret.fr\/wp-content\/uploads\/2025\/05\/ITF.jpg 768w, https:\/\/openparatennisduloiret.fr\/wp-content\/uploads\/2025\/05\/ITF-300x163.jpg 300w\" sizes=\"auto, (max-width: 768px) 100vw, 768px\" \/><\/figure>\n","protected":false},"excerpt":{"rendered":"<p>The&nbsp;2025 BNP Paribas World Team Cup&nbsp;gets underway on Tuesday 6 May, concluding on 11 May, when world champions will be crowned. World Team Cup is the wheelchair tennis equivalent of Billie Jean King Cup by Gainbridge and Davis Cup, with players representing their nations with the same pride and passion. At the World Team Cup,&hellip; <br \/> <a class=\"read-more\" href=\"https:\/\/openparatennisduloiret.fr\/index.php\/en\/2025\/05\/05\/2025-bnp-paribas-world-team-cup-2\/\">Lire la suite<\/a><\/p>\n","protected":false},"author":1,"featured_media":2433,"comment_status":"open","ping_status":"open","sticky":false,"template":"","format":"standard","meta":{"_monsterinsights_skip_tracking":false,"_monsterinsights_sitenote_active":false,"_monsterinsights_sitenote_note":"","_monsterinsights_sitenote_category":0,"_uf_show_specific_survey":0,"_uf_disable_surveys":false,"footnotes":""},"categories":[30],"tags":[],"class_list":["post-2438","post","type-post","status-publish","format-standard","has-post-thumbnail","hentry","category-information"],"_links":{"self":[{"href":"https:\/\/openparatennisduloiret.fr\/index.php\/wp-json\/wp\/v2\/posts\/2438","targetHints":{"allow":["GET"]}}],"collection":[{"href":"https:\/\/openparatennisduloiret.fr\/index.php\/wp-json\/wp\/v2\/posts"}],"about":[{"href":"https:\/\/openparatennisduloiret.fr\/index.php\/wp-json\/wp\/v2\/types\/post"}],"author":[{"embeddable":true,"href":"https:\/\/openparatennisduloiret.fr\/index.php\/wp-json\/wp\/v2\/users\/1"}],"replies":[{"embeddable":true,"href":"https:\/\/openparatennisduloiret.fr\/index.php\/wp-json\/wp\/v2\/comments?post=2438"}],"version-history":[{"count":1,"href":"https:\/\/openparatennisduloiret.fr\/index.php\/wp-json\/wp\/v2\/posts\/2438\/revisions"}],"predecessor-version":[{"id":2439,"href":"https:\/\/openparatennisduloiret.fr\/index.php\/wp-json\/wp\/v2\/posts\/2438\/revisions\/2439"}],"wp:featuredmedia":[{"embeddable":true,"href":"https:\/\/openparatennisduloiret.fr\/index.php\/wp-json\/wp\/v2\/media\/2433"}],"wp:attachment":[{"href":"https:\/\/openparatennisduloiret.fr\/index.php\/wp-json\/wp\/v2\/media?parent=2438"}],"wp:term":[{"taxonomy":"category","embeddable":true,"href":"https:\/\/openparatennisduloiret.fr\/index.php\/wp-json\/wp\/v2\/categories?post=2438"},{"taxonomy":"post_tag","embeddable":true,"href":"https:\/\/openparatennisduloiret.fr\/index.php\/wp-json\/wp\/v2\/tags?post=2438"}],"curies":[{"name":"wp","href":"https:\/\/api.w.org\/{rel}","templated":true}]}}