{"id":4371,"date":"2026-04-29T22:48:38","date_gmt":"2026-04-29T20:48:38","guid":{"rendered":"https:\/\/openparatennisduloiret.fr\/?p=4371"},"modified":"2026-04-29T22:48:39","modified_gmt":"2026-04-29T20:48:39","slug":"paratennis-tour","status":"publish","type":"post","link":"https:\/\/openparatennisduloiret.fr\/index.php\/2026\/04\/29\/paratennis-tour\/","title":{"rendered":"Paratennis Tour"},"content":{"rendered":"\n<p>\ud835\udde3\ud835\uddd4\ud835\udde5\ud835\uddd4\ud835\udde7\ud835\uddd8\ud835\udde1\ud835\udde1\ud835\udddc\ud835\udde6 \ud835\udde7\ud835\udde2\ud835\udde8\ud835\udde5 \ud83d\udc68\u200d\ud83e\uddbd\ud83d\udc69\u200d\ud83e\uddbd\u200d\u27a1\ufe0f\ud83c\udfbe &#8211; \ud835\udde2\ud835\uddff\ud835\uddf9\ud835\uddf2\u0301\ud835\uddee\ud835\uddfb\ud835\ude00 \ud835\udfee\ud835\udff5\/\ud835\udfec\ud835\udff0\/\ud835\udfee\ud835\udfec\ud835\udfee\ud835\udff2 &#8211; \ud835\udde7\ud835\udde2\ud835\udde8\ud835\udde7\ud835\uddd8\ud835\udde6 \ud835\udddf\ud835\uddd8\ud835\udde6 \ud835\udde3\ud835\udddb\ud835\udde2\ud835\udde7\ud835\udde2\ud835\udde6 \ud83d\udcf7<br>Le matin : au SMR Le Coteau \u00e0 La Chapelle St Mesmin<br>L&rsquo;apr\u00e8s midi : au CJF Tennis Fleury les Aubrais \u00e0 Saran, avec la pr\u00e9sence de Yannick NOAH<\/p>\n\n\n\n<p>Retrouvez toutes les photos sur la plateforme Flickr de l&rsquo;Open Paratennis du Loiret :<br><a href=\"https:\/\/www.flickr.com\/photos\/157672180@N05\/albums\">https:\/\/www.flickr.com\/photos\/157672180@N05\/albums<\/a><\/p>\n\n\n\n<p>Merci \u00e0 l&rsquo;organisation de la FFT &#8211; F\u00e9d\u00e9ration Fran\u00e7aise de Tennis<br>Merci aux b\u00e9n\u00e9voles de l&rsquo;Open Paratennis du Loiret<br>Merci au CJF Tennis<\/p>\n\n\n\n<figure class=\"wp-block-image size-large\"><img loading=\"lazy\" decoding=\"async\" width=\"683\" height=\"1024\" src=\"https:\/\/openparatennisduloiret.fr\/wp-content\/uploads\/2026\/04\/0561-683x1024.jpg\" alt=\"\" class=\"wp-image-4365\" srcset=\"https:\/\/openparatennisduloiret.fr\/wp-content\/uploads\/2026\/04\/0561-683x1024.jpg 683w, https:\/\/openparatennisduloiret.fr\/wp-content\/uploads\/2026\/04\/0561-200x300.jpg 200w, https:\/\/openparatennisduloiret.fr\/wp-content\/uploads\/2026\/04\/0561-768x1152.jpg 768w, https:\/\/openparatennisduloiret.fr\/wp-content\/uploads\/2026\/04\/0561-1024x1536.jpg 1024w, https:\/\/openparatennisduloiret.fr\/wp-content\/uploads\/2026\/04\/0561-1365x2048.jpg 1365w, https:\/\/openparatennisduloiret.fr\/wp-content\/uploads\/2026\/04\/0561-720x1080.jpg 720w, https:\/\/openparatennisduloiret.fr\/wp-content\/uploads\/2026\/04\/0561-scaled.jpg 1707w\" sizes=\"auto, (max-width: 683px) 100vw, 683px\" \/><\/figure>\n","protected":false},"excerpt":{"rendered":"<p>\ud835\udde3\ud835\uddd4\ud835\udde5\ud835\uddd4\ud835\udde7\ud835\uddd8\ud835\udde1\ud835\udde1\ud835\udddc\ud835\udde6 \ud835\udde7\ud835\udde2\ud835\udde8\ud835\udde5 \ud83d\udc68\u200d\ud83e\uddbd\ud83d\udc69\u200d\ud83e\uddbd\u200d\u27a1\ufe0f\ud83c\udfbe &#8211; \ud835\udde2\ud835\uddff\ud835\uddf9\ud835\uddf2\u0301\ud835\uddee\ud835\uddfb\ud835\ude00 \ud835\udfee\ud835\udff5\/\ud835\udfec\ud835\udff0\/\ud835\udfee\ud835\udfec\ud835\udfee\ud835\udff2 &#8211; \ud835\udde7\ud835\udde2\ud835\udde8\ud835\udde7\ud835\uddd8\ud835\udde6 \ud835\udddf\ud835\uddd8\ud835\udde6 \ud835\udde3\ud835\udddb\ud835\udde2\ud835\udde7\ud835\udde2\ud835\udde6 \ud83d\udcf7Le matin : au SMR Le Coteau \u00e0 La Chapelle St MesminL&rsquo;apr\u00e8s midi : au CJF Tennis Fleury les Aubrais \u00e0 Saran, avec la pr\u00e9sence de Yannick NOAH Retrouvez toutes les photos sur la plateforme Flickr de l&rsquo;Open Paratennis du Loiret :https:\/\/www.flickr.com\/photos\/157672180@N05\/albums Merci \u00e0 l&rsquo;organisation&hellip; <br \/> <a class=\"read-more\" href=\"https:\/\/openparatennisduloiret.fr\/index.php\/2026\/04\/29\/paratennis-tour\/\">Lire la suite<\/a><\/p>\n","protected":false},"author":1,"featured_media":4365,"comment_status":"open","ping_status":"open","sticky":false,"template":"","format":"standard","meta":{"_monsterinsights_skip_tracking":false,"_monsterinsights_sitenote_active":false,"_monsterinsights_sitenote_note":"","_monsterinsights_sitenote_category":0,"_uf_show_specific_survey":0,"_uf_disable_surveys":false,"footnotes":""},"categories":[17],"tags":[],"class_list":["post-4371","post","type-post","status-publish","format-standard","has-post-thumbnail","hentry","category-informations"],"_links":{"self":[{"href":"https:\/\/openparatennisduloiret.fr\/index.php\/wp-json\/wp\/v2\/posts\/4371","targetHints":{"allow":["GET"]}}],"collection":[{"href":"https:\/\/openparatennisduloiret.fr\/index.php\/wp-json\/wp\/v2\/posts"}],"about":[{"href":"https:\/\/openparatennisduloiret.fr\/index.php\/wp-json\/wp\/v2\/types\/post"}],"author":[{"embeddable":true,"href":"https:\/\/openparatennisduloiret.fr\/index.php\/wp-json\/wp\/v2\/users\/1"}],"replies":[{"embeddable":true,"href":"https:\/\/openparatennisduloiret.fr\/index.php\/wp-json\/wp\/v2\/comments?post=4371"}],"version-history":[{"count":1,"href":"https:\/\/openparatennisduloiret.fr\/index.php\/wp-json\/wp\/v2\/posts\/4371\/revisions"}],"predecessor-version":[{"id":4372,"href":"https:\/\/openparatennisduloiret.fr\/index.php\/wp-json\/wp\/v2\/posts\/4371\/revisions\/4372"}],"wp:featuredmedia":[{"embeddable":true,"href":"https:\/\/openparatennisduloiret.fr\/index.php\/wp-json\/wp\/v2\/media\/4365"}],"wp:attachment":[{"href":"https:\/\/openparatennisduloiret.fr\/index.php\/wp-json\/wp\/v2\/media?parent=4371"}],"wp:term":[{"taxonomy":"category","embeddable":true,"href":"https:\/\/openparatennisduloiret.fr\/index.php\/wp-json\/wp\/v2\/categories?post=4371"},{"taxonomy":"post_tag","embeddable":true,"href":"https:\/\/openparatennisduloiret.fr\/index.php\/wp-json\/wp\/v2\/tags?post=4371"}],"curies":[{"name":"wp","href":"https:\/\/api.w.org\/{rel}","templated":true}]}}